{"id":7656,"date":"2021-05-14T10:54:16","date_gmt":"2021-05-14T08:54:16","guid":{"rendered":"https:\/\/www.rrz.sk\/?p=7656"},"modified":"2022-03-04T13:03:04","modified_gmt":"2022-03-04T12:03:04","slug":"rethinking-fiscal-policy-after-the-crisis","status":"publish","type":"post","link":"https:\/\/www.rrz.sk\/en\/rethinking-fiscal-policy-after-the-crisis\/","title":{"rendered":"Rethinking fiscal policy after the crisis"},"content":{"rendered":"<div id=\"pl-7656\"  class=\"panel-layout\" >\n<div id=\"pg-7656-0\"  class=\"panel-grid panel-no-style\" >\n<div id=\"pgc-7656-0-0\"  class=\"panel-grid-cell\"  data-weight=\"1\" >\n<div id=\"panel-7656-0-0-0\" class=\"so-panel widget widget_sow-editor panel-first-child panel-last-child\" data-index=\"0\" data-style=\"{&quot;background_image_attachment&quot;:false,&quot;background_display&quot;:&quot;tile&quot;}\" >\n<div class=\"so-widget-sow-editor so-widget-sow-editor-base\">\n<div class=\"siteorigin-widget-tinymce textwidget\">\n<p>The keynote speakers of the conference were Eric M. Leeper from the Indiana University and Professor Charles Wyplosz from the Graduate Institute in Geneva. In addition, more than twenty further prominent guests, specialists in the field of public finance and fiscal policy as well as representatives of international organisations, such as the OECD, the European Commission and the BIS, accepted the invitation to participate in the three conference panels &#8211; Re-writing Textbooks on Fiscal Policy, Better Institutions for Better Policy and Lessons for Policymaking.<\/p>\n<p>About the conference:<\/p>\n<p>\u201cThe Great Recession has undoubtedly brought a lot of challenges into economic policymaking. Unconventional monetary policy, sovereign debt restructuring, macro\u00acprudential policy or for example secular stagnation are all concepts which were regarded as &#8220;exotic&#8221; before the crisis. Majority of the profession thought of these as pure theoretical possibilities, without high relevance for developed countries. As a consequence, many policymakers were forced to adopt quick and untested measures. These trial-and-error or learning-by-doing methods were sometimes successful, but not always reached the desired outcomes. The main objective of the conference organized by the Council for Budget Responsibility is to look back and draw the most important lessons from the crisis for fiscal policy making. We are interested in analysing the impact of the Great Recession in three broad areas: theory, institutional set up and policy.\u201c<\/p>\n<p>Additional information: <a href=\"https:\/\/www.rrz.sk\/wp-content\/uploads\/2021\/05\/RRZ_Konferencia_Program-1.pdf\">Conference programme<\/a><\/p>\n<\/div>\n<\/div>\n<\/div>\n<\/div>\n<\/div>\n<\/div>\n","protected":false},"excerpt":{"rendered":"<p>The Council for Budget Responsibility was pleased to organise an international conference \u201cRethinking Fiscal Policy after the Crisis\u201d which took place on September 10-11 2015 in the Carlton Radisson Blu Hotel in Bratislava, Slovakia.<\/p>\n","protected":false},"author":6,"featured_media":7671,"comment_status":"open","ping_status":"open","sticky":false,"template":"","format":"standard","meta":{"_acf_changed":false,"h5ap_radio_sources":[],"footnotes":""},"categories":[135,158],"tags":[80],"class_list":["post-7656","post","type-post","status-publish","format-standard","has-post-thumbnail","hentry","category-fiscal","category-publications","tag-presentations"],"acf":[],"yoast_head":"<!-- This site is optimized with the Yoast SEO plugin v26.6 - https:\/\/yoast.com\/wordpress\/plugins\/seo\/ -->\n<title>Rethinking fiscal policy after the crisis - Rada pre rozpo\u010dtov\u00fa zodpovednos\u0165<\/title>\n<meta name=\"robots\" content=\"index, follow, max-snippet:-1, max-image-preview:large, max-video-preview:-1\" \/>\n<link rel=\"canonical\" href=\"https:\/\/www.rrz.sk\/en\/rethinking-fiscal-policy-after-the-crisis\/\" \/>\n<meta property=\"og:locale\" content=\"en_US\" \/>\n<meta property=\"og:type\" content=\"article\" \/>\n<meta property=\"og:title\" content=\"Rethinking fiscal policy after the crisis - Rada pre rozpo\u010dtov\u00fa zodpovednos\u0165\" \/>\n<meta property=\"og:description\" content=\"The Council for Budget Responsibility was pleased to organise an international conference \u201cRethinking Fiscal Policy after the Crisis\u201d which took place on September 10-11 2015 in the Carlton Radisson Blu Hotel in Bratislava, Slovakia.\" \/>\n<meta property=\"og:url\" content=\"https:\/\/www.rrz.sk\/en\/rethinking-fiscal-policy-after-the-crisis\/\" \/>\n<meta property=\"og:site_name\" content=\"Rada pre rozpo\u010dtov\u00fa zodpovednos\u0165\" \/>\n<meta property=\"article:published_time\" content=\"2021-05-14T08:54:16+00:00\" \/>\n<meta property=\"article:modified_time\" content=\"2022-03-04T12:03:04+00:00\" \/>\n<meta property=\"og:image\" content=\"https:\/\/www.rrz.sk\/wp-content\/uploads\/2021\/05\/image-18.jpeg\" \/>\n\t<meta property=\"og:image:width\" content=\"960\" \/>\n\t<meta property=\"og:image:height\" content=\"636\" \/>\n\t<meta property=\"og:image:type\" content=\"image\/jpeg\" \/>\n<meta name=\"author\" content=\"\u017dofia\" \/>\n<meta name=\"twitter:card\" content=\"summary_large_image\" \/>\n<meta name=\"twitter:label1\" content=\"Written by\" \/>\n\t<meta name=\"twitter:data1\" content=\"\u017dofia\" \/>\n\t<meta name=\"twitter:label2\" content=\"Est. reading time\" \/>\n\t<meta name=\"twitter:data2\" content=\"1 minute\" \/>\n<script type=\"application\/ld+json\" class=\"yoast-schema-graph\">{\"@context\":\"https:\/\/schema.org\",\"@graph\":[{\"@type\":\"WebPage\",\"@id\":\"https:\/\/www.rrz.sk\/en\/rethinking-fiscal-policy-after-the-crisis\/\",\"url\":\"https:\/\/www.rrz.sk\/en\/rethinking-fiscal-policy-after-the-crisis\/\",\"name\":\"Rethinking fiscal policy after the crisis - Rada pre rozpo\u010dtov\u00fa zodpovednos\u0165\",\"isPartOf\":{\"@id\":\"https:\/\/www.rrz.sk\/#website\"},\"primaryImageOfPage\":{\"@id\":\"https:\/\/www.rrz.sk\/en\/rethinking-fiscal-policy-after-the-crisis\/#primaryimage\"},\"image\":{\"@id\":\"https:\/\/www.rrz.sk\/en\/rethinking-fiscal-policy-after-the-crisis\/#primaryimage\"},\"thumbnailUrl\":\"https:\/\/www.rrz.sk\/wp-content\/uploads\/2021\/05\/image-18.jpeg\",\"datePublished\":\"2021-05-14T08:54:16+00:00\",\"dateModified\":\"2022-03-04T12:03:04+00:00\",\"author\":{\"@id\":\"https:\/\/www.rrz.sk\/#\/schema\/person\/110076e5e6bb2bd49456f9780d112304\"},\"breadcrumb\":{\"@id\":\"https:\/\/www.rrz.sk\/en\/rethinking-fiscal-policy-after-the-crisis\/#breadcrumb\"},\"inLanguage\":\"en-US\",\"potentialAction\":[{\"@type\":\"ReadAction\",\"target\":[\"https:\/\/www.rrz.sk\/en\/rethinking-fiscal-policy-after-the-crisis\/\"]}]},{\"@type\":\"ImageObject\",\"inLanguage\":\"en-US\",\"@id\":\"https:\/\/www.rrz.sk\/en\/rethinking-fiscal-policy-after-the-crisis\/#primaryimage\",\"url\":\"https:\/\/www.rrz.sk\/wp-content\/uploads\/2021\/05\/image-18.jpeg\",\"contentUrl\":\"https:\/\/www.rrz.sk\/wp-content\/uploads\/2021\/05\/image-18.jpeg\",\"width\":960,\"height\":636},{\"@type\":\"BreadcrumbList\",\"@id\":\"https:\/\/www.rrz.sk\/en\/rethinking-fiscal-policy-after-the-crisis\/#breadcrumb\",\"itemListElement\":[{\"@type\":\"ListItem\",\"position\":1,\"name\":\"Domovsk\u00e1 str\u00e1nka\",\"item\":\"https:\/\/www.rrz.sk\/en\/\"},{\"@type\":\"ListItem\",\"position\":2,\"name\":\"Rethinking fiscal policy after the crisis\"}]},{\"@type\":\"WebSite\",\"@id\":\"https:\/\/www.rrz.sk\/#website\",\"url\":\"https:\/\/www.rrz.sk\/\",\"name\":\"Rada pre rozpo\u010dtov\u00fa zodpovednos\u0165\",\"description\":\"Nez\u00e1visl\u00fd org\u00e1n monitorovania a hodnotenia v\u00fdvoja hospod\u00e1renia Slovenskej republiky\",\"potentialAction\":[{\"@type\":\"SearchAction\",\"target\":{\"@type\":\"EntryPoint\",\"urlTemplate\":\"https:\/\/www.rrz.sk\/?s={search_term_string}\"},\"query-input\":{\"@type\":\"PropertyValueSpecification\",\"valueRequired\":true,\"valueName\":\"search_term_string\"}}],\"inLanguage\":\"en-US\"},{\"@type\":\"Person\",\"@id\":\"https:\/\/www.rrz.sk\/#\/schema\/person\/110076e5e6bb2bd49456f9780d112304\",\"name\":\"\u017dofia\",\"image\":{\"@type\":\"ImageObject\",\"inLanguage\":\"en-US\",\"@id\":\"https:\/\/www.rrz.sk\/#\/schema\/person\/image\/\",\"url\":\"https:\/\/secure.gravatar.com\/avatar\/92204a039000e687ecdf92a58f2978d0ff94fb9e7e5be808f35e875503368d46?s=96&d=mm&r=g\",\"contentUrl\":\"https:\/\/secure.gravatar.com\/avatar\/92204a039000e687ecdf92a58f2978d0ff94fb9e7e5be808f35e875503368d46?s=96&d=mm&r=g\",\"caption\":\"\u017dofia\"},\"url\":\"https:\/\/www.rrz.sk\/en\/author\/majdekova\/\"}]}<\/script>\n<!-- \/ Yoast SEO plugin. -->","yoast_head_json":{"title":"Rethinking fiscal policy after the crisis - Rada pre rozpo\u010dtov\u00fa zodpovednos\u0165","robots":{"index":"index","follow":"follow","max-snippet":"max-snippet:-1","max-image-preview":"max-image-preview:large","max-video-preview":"max-video-preview:-1"},"canonical":"https:\/\/www.rrz.sk\/en\/rethinking-fiscal-policy-after-the-crisis\/","og_locale":"en_US","og_type":"article","og_title":"Rethinking fiscal policy after the crisis - Rada pre rozpo\u010dtov\u00fa zodpovednos\u0165","og_description":"The Council for Budget Responsibility was pleased to organise an international conference \u201cRethinking Fiscal Policy after the Crisis\u201d which took place on September 10-11 2015 in the Carlton Radisson Blu Hotel in Bratislava, Slovakia.","og_url":"https:\/\/www.rrz.sk\/en\/rethinking-fiscal-policy-after-the-crisis\/","og_site_name":"Rada pre rozpo\u010dtov\u00fa zodpovednos\u0165","article_published_time":"2021-05-14T08:54:16+00:00","article_modified_time":"2022-03-04T12:03:04+00:00","og_image":[{"width":960,"height":636,"url":"https:\/\/www.rrz.sk\/wp-content\/uploads\/2021\/05\/image-18.jpeg","type":"image\/jpeg"}],"author":"\u017dofia","twitter_card":"summary_large_image","twitter_misc":{"Written by":"\u017dofia","Est. reading time":"1 minute"},"schema":{"@context":"https:\/\/schema.org","@graph":[{"@type":"WebPage","@id":"https:\/\/www.rrz.sk\/en\/rethinking-fiscal-policy-after-the-crisis\/","url":"https:\/\/www.rrz.sk\/en\/rethinking-fiscal-policy-after-the-crisis\/","name":"Rethinking fiscal policy after the crisis - Rada pre rozpo\u010dtov\u00fa zodpovednos\u0165","isPartOf":{"@id":"https:\/\/www.rrz.sk\/#website"},"primaryImageOfPage":{"@id":"https:\/\/www.rrz.sk\/en\/rethinking-fiscal-policy-after-the-crisis\/#primaryimage"},"image":{"@id":"https:\/\/www.rrz.sk\/en\/rethinking-fiscal-policy-after-the-crisis\/#primaryimage"},"thumbnailUrl":"https:\/\/www.rrz.sk\/wp-content\/uploads\/2021\/05\/image-18.jpeg","datePublished":"2021-05-14T08:54:16+00:00","dateModified":"2022-03-04T12:03:04+00:00","author":{"@id":"https:\/\/www.rrz.sk\/#\/schema\/person\/110076e5e6bb2bd49456f9780d112304"},"breadcrumb":{"@id":"https:\/\/www.rrz.sk\/en\/rethinking-fiscal-policy-after-the-crisis\/#breadcrumb"},"inLanguage":"en-US","potentialAction":[{"@type":"ReadAction","target":["https:\/\/www.rrz.sk\/en\/rethinking-fiscal-policy-after-the-crisis\/"]}]},{"@type":"ImageObject","inLanguage":"en-US","@id":"https:\/\/www.rrz.sk\/en\/rethinking-fiscal-policy-after-the-crisis\/#primaryimage","url":"https:\/\/www.rrz.sk\/wp-content\/uploads\/2021\/05\/image-18.jpeg","contentUrl":"https:\/\/www.rrz.sk\/wp-content\/uploads\/2021\/05\/image-18.jpeg","width":960,"height":636},{"@type":"BreadcrumbList","@id":"https:\/\/www.rrz.sk\/en\/rethinking-fiscal-policy-after-the-crisis\/#breadcrumb","itemListElement":[{"@type":"ListItem","position":1,"name":"Domovsk\u00e1 str\u00e1nka","item":"https:\/\/www.rrz.sk\/en\/"},{"@type":"ListItem","position":2,"name":"Rethinking fiscal policy after the crisis"}]},{"@type":"WebSite","@id":"https:\/\/www.rrz.sk\/#website","url":"https:\/\/www.rrz.sk\/","name":"Rada pre rozpo\u010dtov\u00fa zodpovednos\u0165","description":"Nez\u00e1visl\u00fd org\u00e1n monitorovania a hodnotenia v\u00fdvoja hospod\u00e1renia Slovenskej republiky","potentialAction":[{"@type":"SearchAction","target":{"@type":"EntryPoint","urlTemplate":"https:\/\/www.rrz.sk\/?s={search_term_string}"},"query-input":{"@type":"PropertyValueSpecification","valueRequired":true,"valueName":"search_term_string"}}],"inLanguage":"en-US"},{"@type":"Person","@id":"https:\/\/www.rrz.sk\/#\/schema\/person\/110076e5e6bb2bd49456f9780d112304","name":"\u017dofia","image":{"@type":"ImageObject","inLanguage":"en-US","@id":"https:\/\/www.rrz.sk\/#\/schema\/person\/image\/","url":"https:\/\/secure.gravatar.com\/avatar\/92204a039000e687ecdf92a58f2978d0ff94fb9e7e5be808f35e875503368d46?s=96&d=mm&r=g","contentUrl":"https:\/\/secure.gravatar.com\/avatar\/92204a039000e687ecdf92a58f2978d0ff94fb9e7e5be808f35e875503368d46?s=96&d=mm&r=g","caption":"\u017dofia"},"url":"https:\/\/www.rrz.sk\/en\/author\/majdekova\/"}]}},"_links":{"self":[{"href":"https:\/\/www.rrz.sk\/en\/wp-json\/wp\/v2\/posts\/7656","targetHints":{"allow":["GET"]}}],"collection":[{"href":"https:\/\/www.rrz.sk\/en\/wp-json\/wp\/v2\/posts"}],"about":[{"href":"https:\/\/www.rrz.sk\/en\/wp-json\/wp\/v2\/types\/post"}],"author":[{"embeddable":true,"href":"https:\/\/www.rrz.sk\/en\/wp-json\/wp\/v2\/users\/6"}],"replies":[{"embeddable":true,"href":"https:\/\/www.rrz.sk\/en\/wp-json\/wp\/v2\/comments?post=7656"}],"version-history":[{"count":6,"href":"https:\/\/www.rrz.sk\/en\/wp-json\/wp\/v2\/posts\/7656\/revisions"}],"predecessor-version":[{"id":7744,"href":"https:\/\/www.rrz.sk\/en\/wp-json\/wp\/v2\/posts\/7656\/revisions\/7744"}],"wp:featuredmedia":[{"embeddable":true,"href":"https:\/\/www.rrz.sk\/en\/wp-json\/wp\/v2\/media\/7671"}],"wp:attachment":[{"href":"https:\/\/www.rrz.sk\/en\/wp-json\/wp\/v2\/media?parent=7656"}],"wp:term":[{"taxonomy":"category","embeddable":true,"href":"https:\/\/www.rrz.sk\/en\/wp-json\/wp\/v2\/categories?post=7656"},{"taxonomy":"post_tag","embeddable":true,"href":"https:\/\/www.rrz.sk\/en\/wp-json\/wp\/v2\/tags?post=7656"}],"curies":[{"name":"wp","href":"https:\/\/api.w.org\/{rel}","templated":true}]}}